{"id":2075,"date":"2026-09-02T05:50:47","date_gmt":"2026-09-02T05:50:47","guid":{"rendered":"https:\/\/solflamenco.lv\/?p=2075"},"modified":"2026-09-02T05:54:57","modified_gmt":"2026-09-02T05:54:57","slug":"jaunas-deju-sezonas-atklasanas-nodarbiba","status":"publish","type":"post","link":"https:\/\/solflamenco.lv\/index.php\/2026\/09\/02\/jaunas-deju-sezonas-atklasanas-nodarbiba\/","title":{"rendered":"N\u0100C DEJOT! ATV\u0112RT\u0100 NODARB\u012aBA 9.SEPTEMBR\u012a"},"content":{"rendered":"\n<p class=\"wp-block-paragraph\"><strong>Jau Tev pat\u012bk DEJOT, ja pat\u012bk sp\u0101\u0146u temperaments un sp\u0101\u0146u m\u016bzikas RITMI, tad FLAMENKO var k\u013c\u016bt par Tavu jauno aizrau\u0161anos un studija SOL FLAMENCO par vietu, kur satikt savus domubiedrus ar kuriem kop\u0101 iepaz\u012bt daudzveid\u012bgo flamenko deju un m\u0101kslu!<\/strong><\/p>\n\n\n\n<p class=\"wp-block-paragraph\">N\u0101c uz atv\u0113rto nodarb\u012bbu 9.septembr\u012b 18:30 un pam\u0113\u0123ini!<\/p>\n\n\n\n<p class=\"wp-block-paragraph\">Galvenais lai dzirkstele ac\u012bs, ener\u0123ija un v\u0113lme dejot!<img loading=\"lazy\" decoding=\"async\" height=\"16\" width=\"16\" alt=\"\ud83e\udd29\" src=\"https:\/\/static.xx.fbcdn.net\/images\/emoji.php\/v9\/t58\/1\/16\/1f929.png\"><img loading=\"lazy\" decoding=\"async\" height=\"16\" width=\"16\" alt=\"\ud83d\ude0d\" src=\"https:\/\/static.xx.fbcdn.net\/images\/emoji.php\/v9\/t2\/1\/16\/1f60d.png\"><img loading=\"lazy\" decoding=\"async\" height=\"16\" width=\"16\" alt=\"\ud83d\udc83\ud83c\udffd\" src=\"https:\/\/static.xx.fbcdn.net\/images\/emoji.php\/v9\/t4\/1\/16\/1f483_1f3fd.png\"><\/p>\n\n\n\n<p class=\"wp-block-paragraph\">Nodarb\u012bbas notiek labiek\u0101rtot\u0101 deju z\u0101l\u0113 pa\u0161\u0101 R\u012bgas centr\u0101, Latvie\u0161u Biedr\u012bbas nam\u0101.<\/p>\n\n\n\n<p class=\"wp-block-paragraph\">Jauno sezonu s\u0101ksim ar 14. septembri.<\/p>\n\n\n\n<p class=\"wp-block-paragraph\">Ies\u0101c\u0113ju nodarb\u012bbas notiks Pirmdien\u0101s un Tre\u0161dien\u0101s 18:15 \u2013 19:15.<\/p>\n\n\n\n<p class=\"wp-block-paragraph\">Nodarb\u012bb\u0101s apg\u016bsiet:<\/p>\n\n\n\n<p class=\"wp-block-paragraph\">&#8211; Da\u017e\u0101dus flamenko ritmus<\/p>\n\n\n\n<p class=\"wp-block-paragraph\">&#8211; Flamenko dejas pamatus &#8211; pareizu st\u0101ju, roku un plaukstu kust\u012bbas, piesitienu tehniku,<\/p>\n\n\n\n<p class=\"wp-block-paragraph\">&#8211; Dejas horeogr\u0101fiju dejai Tangos por la Fiesta<\/p>\n\n\n\n<p class=\"wp-block-paragraph\">L\u012bdzi j\u0101\u0146em kurpes uz stabilu pap\u0113di ( 3-4 cm), \u0113rts ap\u0123\u0113rbs ( piegulo\u0161s krekli\u0146\u0161, triko bikses vai sv\u0101rki) un ap\u0146\u0113m\u012bgs noska\u0146ojums!<\/p>\n\n\n\n<p class=\"wp-block-paragraph\">Dro\u0161i n\u0101c un m\u0113\u0123ini!<\/p>\n\n\n\n<p class=\"wp-block-paragraph\">Info un pieteik\u0161an\u0101s nodarb\u012bb\u0101m.<\/p>\n\n\n\n<p class=\"wp-block-paragraph\">29137444 whatsapp vai aizpildot pieteikuma formu<\/p>\n\n\n\n<p class=\"wp-block-paragraph\"><a href=\"https:\/\/l.facebook.com\/l.php?u=http%3A%2F%2Fwww.solflamenco.lv%2F%3Ffbclid%3DIwcGRvZgVleHRuA2FlbQIxMABicmlkETFTM0pSeG5nM1JackxXQ3FZc3J0YwZhcHBfaWQQMjIyMDM5MTc4ODIwMDg5MgABHvRIOA_cogpWRtlM4vxP9832OB1HBVr5GzlkZLQj_3QvQGu8J2A9CaqMZezx_aem_ugbljK7-l6EYTpWKLUftmg&amp;h=AUCa6xGMNAcvhM_xWxZT7S9DkzE3F9_ZOOb0J8IRJpDfqcPsiFgUDsUh6sgg_hEbMqcJzuI_syF0hcR4FU6ffLkCFwrG0chs0ejMGULCQzXOLA_sglcyvCssIV1nYj_H8tSLCdFt5GGuqaIyDwwph71Qn4lM4A&amp;__tn__=-UK-y-R&amp;c[0]=AUDMwwAkiy2PtGEvKs6LRhL9YU5o4XcciEiOn7x0HdYFVWahDefe-iry2aN6Zyg9t-kH4aNX1djVCe36wrODtceXoOjmkU7P3I56d6XP0XMRyZnahSZn99RP6NTVWoDgqFsYl0TdWTGnp6vPxK1YNfulkZ0jm3OSkg9LytcVOoPP9arvWKb-6iU9VnKNPefQRKau9LpqXP6WuxSIMH5pVbI05gx1HjIDacq8xz45m4p4WoIYCYd8bgg\" rel=\"noopener\" target=\"_blank\">www.solflamenco.lv<\/a><\/p>\n\n\n\n<p class=\"wp-block-paragraph\">Adrese: Mer\u0137e\u013ca iel\u0101 13, Latvie\u0161u Biedr\u012bbas Nams, ieeja no Arhitektu ielas.<\/p>\n","protected":false},"excerpt":{"rendered":"<p>Jau Tev pat\u012bk DEJOT, ja pat\u012bk sp\u0101\u0146u temperaments un sp\u0101\u0146u m\u016bzikas RITMI, tad FLAMENKO var k\u013c\u016bt par Tavu jauno aizrau\u0161anos un studija SOL FLAMENCO par vietu, kur satikt savus domubiedrus [&hellip;]<\/p>\n","protected":false},"author":1,"featured_media":2076,"comment_status":"open","ping_status":"open","sticky":false,"template":"","format":"standard","meta":{"footnotes":""},"categories":[1],"tags":[],"class_list":["post-2075","post","type-post","status-publish","format-standard","has-post-thumbnail","hentry","category-uncategorized","entry","has-media"],"_links":{"self":[{"href":"https:\/\/solflamenco.lv\/index.php\/wp-json\/wp\/v2\/posts\/2075","targetHints":{"allow":["GET"]}}],"collection":[{"href":"https:\/\/solflamenco.lv\/index.php\/wp-json\/wp\/v2\/posts"}],"about":[{"href":"https:\/\/solflamenco.lv\/index.php\/wp-json\/wp\/v2\/types\/post"}],"author":[{"embeddable":true,"href":"https:\/\/solflamenco.lv\/index.php\/wp-json\/wp\/v2\/users\/1"}],"replies":[{"embeddable":true,"href":"https:\/\/solflamenco.lv\/index.php\/wp-json\/wp\/v2\/comments?post=2075"}],"version-history":[{"count":2,"href":"https:\/\/solflamenco.lv\/index.php\/wp-json\/wp\/v2\/posts\/2075\/revisions"}],"predecessor-version":[{"id":2081,"href":"https:\/\/solflamenco.lv\/index.php\/wp-json\/wp\/v2\/posts\/2075\/revisions\/2081"}],"wp:featuredmedia":[{"embeddable":true,"href":"https:\/\/solflamenco.lv\/index.php\/wp-json\/wp\/v2\/media\/2076"}],"wp:attachment":[{"href":"https:\/\/solflamenco.lv\/index.php\/wp-json\/wp\/v2\/media?parent=2075"}],"wp:term":[{"taxonomy":"category","embeddable":true,"href":"https:\/\/solflamenco.lv\/index.php\/wp-json\/wp\/v2\/categories?post=2075"},{"taxonomy":"post_tag","embeddable":true,"href":"https:\/\/solflamenco.lv\/index.php\/wp-json\/wp\/v2\/tags?post=2075"}],"curies":[{"name":"wp","href":"https:\/\/api.w.org\/{rel}","templated":true}]}}