{"id":1994,"date":"2025-09-29T12:31:00","date_gmt":"2025-09-29T12:31:00","guid":{"rendered":"https:\/\/solflamenco.lv\/?p=1994"},"modified":"2025-09-29T12:31:01","modified_gmt":"2025-09-29T12:31:01","slug":"flamenko-meistarklases-ar-juan-paredes-sajuti-ritmu-sajuti-soniquete","status":"publish","type":"post","link":"https:\/\/solflamenco.lv\/index.php\/2025\/09\/29\/flamenko-meistarklases-ar-juan-paredes-sajuti-ritmu-sajuti-soniquete\/","title":{"rendered":"Flamenko meistarklases ar Juan Paredes \u2013 Saj\u016bti ritmu, saj\u016bti soniquete!"},"content":{"rendered":"\n<p class=\"has-medium-font-size\">Aicin\u0101m Tevi uz \u012bpa\u0161u flamenko piedz\u012bvojumu \u2013 <strong>Buler\u00edas Festeras meistarklas\u0113m<\/strong> kop\u0101 ar harizm\u0101tisko pasniedz\u0113ju <strong>Juan Paredes<\/strong> no Seviljas, Sp\u0101nijas!<\/p>\n\n\n\n<p class=\"has-medium-font-size\">Juan ir flamenko profesion\u0101lis ar vair\u0101k nek\u0101 25 gadu pieredzi uz liel\u0101kaj\u0101m skatuv\u0113m, tostarp Barselonas &#8217;92 Olimpisko sp\u0113\u013cu nosl\u0113guma ceremonij\u0101. Vi\u0146\u0161 ir licenc\u0113ts horeogr\u0101fs un pasniedz\u0113js, kur\u0161 \u0161obr\u012bd ir \u012bpa\u0161i piepras\u012bts, pateicoties savam inovat\u012bvajam Buler\u00edas Festeras pasnieg\u0161anas stilam.<\/p>\n\n\n\n<p class=\"has-medium-font-size\"><strong>Kas ir Buler\u00edas Festeras?<br><\/strong>Tas ir rota\u013c\u012bgs, improviz\u0113ts flamenko stils, kas radies Andal\u016bzijas sv\u0113tku trad\u012bcij\u0101s. Tas ir ritmiski intens\u012bvs, muzik\u0101ls un atbr\u012bvots \u2013 ide\u0101ls veids, k\u0101 izpaust person\u012bbu, att\u012bst\u012bt ritma izj\u016btu un piedz\u012bvot flamenko k\u0101 dz\u012bvu, kop\u012bgu m\u0101kslas formu.<\/p>\n\n\n\n<p class=\"has-medium-font-size\"><strong>Nodarb\u012bb\u0101s apg\u016bsim:<\/strong><\/p>\n\n\n\n<ul class=\"wp-block-list\">\n<li class=\"has-medium-font-size\">Ritma pulsu (comp\u00e1s),So\u013cu kombin\u0101cijas,Muzik\u0101lo valodu,Jaleos (uzmundrino\u0161us izsaucienus)<\/li>\n<\/ul>\n\n\n\n<p class=\"has-medium-font-size\">\ud83c\udfaf <strong>Laipni gaid\u012bti visi l\u012bme\u0146i<\/strong> \u2013 no ies\u0101c\u0113jiem l\u012bdz pieredz\u0113ju\u0161iem dejot\u0101jiem!<\/p>\n\n\n\n<hr class=\"wp-block-separator has-alpha-channel-opacity\"\/>\n\n\n\n<p>\ud83d\uddd3\ufe0f <strong>Nodarb\u012bbu grafiks:<\/strong><\/p>\n\n\n\n<p><strong>Piektdiena, 7. novembris<br><\/strong>&nbsp;18:00\u201319:30 \u2013 Pamata l\u012bmenis<br>&nbsp;20:00\u201321:30 \u2013 Vid\u0113ji augsts l\u012bmenis<\/p>\n\n\n\n<p><strong>Sestdiena, 8. novembris<br><\/strong>&nbsp;14:30\u201316:30 \u2013 Pamata l\u012bmenis<br>&nbsp;17:00\u201319:00 \u2013 Vid\u0113ji augsts l\u012bmenis<\/p>\n\n\n\n<p><strong>Sv\u0113tdiena, 9. novembris<br><\/strong>&nbsp;09:30\u201310:45 \u2013 Pamata l\u012bmenis<br>&nbsp;11:00\u201312:15 \u2013 Vid\u0113ji augsts l\u012bmenis<\/p>\n\n\n\n<hr class=\"wp-block-separator has-alpha-channel-opacity\"\/>\n\n\n\n<p><a>\ud83d\udd17 <strong>Re\u0123istr\u0101cija<\/strong><\/a><strong>:<\/strong>&nbsp; <a href=\"http:\/\/www.solflamenco.lv\">www.solflamenco.lv<\/a>, -&gt; Re\u0123istr\u0113ties nodarb\u012bbai -&gt; Classes -&gt; Meistarklases -&gt; Juan Paredes-&gt; datums-&gt;nodarb\u012bbas laiks.<\/p>\n\n\n\n<p>T\u0101m, kas jau iepriek\u0161 bija re\u0123istr\u0113ju\u0161\u0101s uz pag\u0101ju\u0161\u0101 gada klas\u0113m, ir j\u0101ievada epasts un parole. Jauniem dal\u012bbniekiem visupirms ir j\u0101izveido profils, tad var re\u0123istr\u0113ties nodarb\u012bbai.<\/p>\n\n\n\n<p><strong>&nbsp;<\/strong>\ud83d\udd17 <strong>Inform<\/strong><strong>\u0101cija: <\/strong>whatsapp 29137444<strong> <\/strong><strong><\/strong><\/p>\n\n\n\n<p><strong>\u26a0\ufe0f <\/strong>Vietu skaits ierobe\u017eots \u2013 piesakies laic\u012bgi un vietu garant\u0113 ar apmaksu l\u012bdz 15.oktobrim.<\/p>\n","protected":false},"excerpt":{"rendered":"<p>Aicin\u0101m Tevi uz \u012bpa\u0161u flamenko piedz\u012bvojumu \u2013 Buler\u00edas Festeras meistarklas\u0113m kop\u0101 ar harizm\u0101tisko pasniedz\u0113ju Juan Paredes no Seviljas, Sp\u0101nijas! Juan ir flamenko profesion\u0101lis ar vair\u0101k nek\u0101 25 gadu pieredzi uz [&hellip;]<\/p>\n","protected":false},"author":1,"featured_media":1995,"comment_status":"open","ping_status":"open","sticky":false,"template":"","format":"standard","meta":{"footnotes":""},"categories":[1],"tags":[],"class_list":["post-1994","post","type-post","status-publish","format-standard","has-post-thumbnail","hentry","category-uncategorized","entry","has-media"],"_links":{"self":[{"href":"https:\/\/solflamenco.lv\/index.php\/wp-json\/wp\/v2\/posts\/1994","targetHints":{"allow":["GET"]}}],"collection":[{"href":"https:\/\/solflamenco.lv\/index.php\/wp-json\/wp\/v2\/posts"}],"about":[{"href":"https:\/\/solflamenco.lv\/index.php\/wp-json\/wp\/v2\/types\/post"}],"author":[{"embeddable":true,"href":"https:\/\/solflamenco.lv\/index.php\/wp-json\/wp\/v2\/users\/1"}],"replies":[{"embeddable":true,"href":"https:\/\/solflamenco.lv\/index.php\/wp-json\/wp\/v2\/comments?post=1994"}],"version-history":[{"count":1,"href":"https:\/\/solflamenco.lv\/index.php\/wp-json\/wp\/v2\/posts\/1994\/revisions"}],"predecessor-version":[{"id":1996,"href":"https:\/\/solflamenco.lv\/index.php\/wp-json\/wp\/v2\/posts\/1994\/revisions\/1996"}],"wp:featuredmedia":[{"embeddable":true,"href":"https:\/\/solflamenco.lv\/index.php\/wp-json\/wp\/v2\/media\/1995"}],"wp:attachment":[{"href":"https:\/\/solflamenco.lv\/index.php\/wp-json\/wp\/v2\/media?parent=1994"}],"wp:term":[{"taxonomy":"category","embeddable":true,"href":"https:\/\/solflamenco.lv\/index.php\/wp-json\/wp\/v2\/categories?post=1994"},{"taxonomy":"post_tag","embeddable":true,"href":"https:\/\/solflamenco.lv\/index.php\/wp-json\/wp\/v2\/tags?post=1994"}],"curies":[{"name":"wp","href":"https:\/\/api.w.org\/{rel}","templated":true}]}}