{"id":1881,"date":"2025-06-09T14:59:15","date_gmt":"2025-06-09T14:59:15","guid":{"rendered":"https:\/\/solflamenco.lv\/?p=1881"},"modified":"2025-06-09T15:00:12","modified_gmt":"2025-06-09T15:00:12","slug":"flamenko-pie-baltijas-juras","status":"publish","type":"post","link":"https:\/\/solflamenco.lv\/index.php\/2025\/06\/09\/flamenko-pie-baltijas-juras\/","title":{"rendered":"Flamenko pie Baltijas j\u016bras kop\u0101 ar Francesca Grima un Andrej Vujicic"},"content":{"rendered":"\n<p class=\"has-medium-font-size\">Deju kluba Sol Flamenco r\u012bkot\u0101 vasaras nometne pie Baltijas j\u016bras ir kas vair\u0101k nek\u0101 tikai flamenko nodarb\u012bbas\u2014 t\u0101 ir draudz\u012bgas flamenko kopienas stiprin\u0101\u0161ana, t\u0101 ir dal\u012b\u0161an\u0101s ar zin\u0101\u0161an\u0101m un t\u0101 ir kop\u012bga dz\u012bves svin\u0113\u0161ana!<\/p>\n\n\n\n<p class=\"has-medium-font-size\">Pie Baltijas j\u016bras, prie\u017eu me\u017ea un ma\u0123iska klusuma ieskauta, Sol Flamenco vasaras nometne atp\u016btas b\u0101z\u0113 Draudz\u012bba jau 6 gadu k\u013c\u016bst par tik\u0161an\u0101s vietu<br>cilv\u0113kiem no da\u017e\u0101d\u0101m valst\u012bm, kurus vieno m\u012blest\u012bba pret flamenko un v\u0113lme m\u0101c\u012bties, dal\u012bties un vienk\u0101r\u0161i b\u016bt kop\u0101!<\/p>\n\n\n\n<p class=\"has-medium-font-size\"><strong>No 6.augusta r\u012bta l\u012bdz 10.augusta p\u0113cpusdiena<\/strong>i m\u0113s dz\u012bvosim piln\u012bgi cit\u0101 ritm\u0101 k\u0101 ikdien\u0101 &#8211; b\u016bs gan intens\u012bvas dejas un ritma nodarb\u012bbas, gan l\u012bdzsvarojo\u0161a cigun vingro\u0161ana, gan r\u012bta un vakara peldes j\u016br\u0101, un v\u0113l citas interesantas nodarbes!<\/p>\n\n\n\n<p class=\"has-medium-font-size\">Viespasniedz\u0113ji &#8211; <strong>Francesca Grima un Andrej Vujicic no Sevi\u013cas<\/strong>. M\u016bsu draugi un flamenko skolot\u0101ji jau 14 gadus!<\/p>\n\n\n\n<p class=\"has-medium-font-size\">Par m\u016bsu musku\u013cu un pr\u0101ta relax r\u016bp\u0113sies iedvesmojo\u0161\u0101 un r\u016bp\u012bg\u0101 BodyArt instruktore un Cigun pasniedz\u0113ja <strong>Anita Rezevska<\/strong>!<\/p>\n\n\n\n<p class=\"has-medium-font-size\"><em>S\u012bk\u0101ka inform\u0101cija whatsapp <strong>29137444<\/strong><br>Pieteik\u0161an\u0101s un apmaksa l\u012bdz 30.j\u016bnijam<\/em>.<\/p>\n\n\n\n<p class=\"has-medium-font-size\"><strong>Par studiju <\/strong>&#8211; www.solflamenco.lv<br><strong>Par pasniedz\u0113jiem<\/strong> &#8211; www.puertoflamenco.com<\/p>\n","protected":false},"excerpt":{"rendered":"<p>Deju kluba Sol Flamenco r\u012bkot\u0101 vasaras nometne pie Baltijas j\u016bras ir kas vair\u0101k nek\u0101 tikai flamenko nodarb\u012bbas\u2014 t\u0101 ir draudz\u012bgas flamenko kopienas stiprin\u0101\u0161ana, t\u0101 ir dal\u012b\u0161an\u0101s ar zin\u0101\u0161an\u0101m un t\u0101 [&hellip;]<\/p>\n","protected":false},"author":1,"featured_media":1882,"comment_status":"open","ping_status":"open","sticky":false,"template":"","format":"standard","meta":{"footnotes":""},"categories":[1],"tags":[],"class_list":["post-1881","post","type-post","status-publish","format-standard","has-post-thumbnail","hentry","category-uncategorized","entry","has-media"],"_links":{"self":[{"href":"https:\/\/solflamenco.lv\/index.php\/wp-json\/wp\/v2\/posts\/1881","targetHints":{"allow":["GET"]}}],"collection":[{"href":"https:\/\/solflamenco.lv\/index.php\/wp-json\/wp\/v2\/posts"}],"about":[{"href":"https:\/\/solflamenco.lv\/index.php\/wp-json\/wp\/v2\/types\/post"}],"author":[{"embeddable":true,"href":"https:\/\/solflamenco.lv\/index.php\/wp-json\/wp\/v2\/users\/1"}],"replies":[{"embeddable":true,"href":"https:\/\/solflamenco.lv\/index.php\/wp-json\/wp\/v2\/comments?post=1881"}],"version-history":[{"count":2,"href":"https:\/\/solflamenco.lv\/index.php\/wp-json\/wp\/v2\/posts\/1881\/revisions"}],"predecessor-version":[{"id":1885,"href":"https:\/\/solflamenco.lv\/index.php\/wp-json\/wp\/v2\/posts\/1881\/revisions\/1885"}],"wp:featuredmedia":[{"embeddable":true,"href":"https:\/\/solflamenco.lv\/index.php\/wp-json\/wp\/v2\/media\/1882"}],"wp:attachment":[{"href":"https:\/\/solflamenco.lv\/index.php\/wp-json\/wp\/v2\/media?parent=1881"}],"wp:term":[{"taxonomy":"category","embeddable":true,"href":"https:\/\/solflamenco.lv\/index.php\/wp-json\/wp\/v2\/categories?post=1881"},{"taxonomy":"post_tag","embeddable":true,"href":"https:\/\/solflamenco.lv\/index.php\/wp-json\/wp\/v2\/tags?post=1881"}],"curies":[{"name":"wp","href":"https:\/\/api.w.org\/{rel}","templated":true}]}}